{"id":2567,"date":"2018-01-10T21:46:02","date_gmt":"2018-01-11T02:46:02","guid":{"rendered":"http:\/\/www.utn.edu.ec\/fica\/carreras\/electronica\/?p=2567"},"modified":"2018-01-17T21:46:23","modified_gmt":"2018-01-18T02:46:23","slug":"andina-link-cartagena-2018","status":"publish","type":"post","link":"https:\/\/telecomunicaciones.utn.edu.ec\/index.php\/2018\/01\/10\/andina-link-cartagena-2018\/","title":{"rendered":"Andina Link  Cartagena 2018"},"content":{"rendered":"<p>Andina Link es el evento de telecomunicaciones m\u00e1s importante de LATAM, con una trayectoria de m\u00e1s de 24 a\u00f1os. Los d\u00edas 6, 7 y 8 de Marzo del 2018 se llevar\u00e1 a acabo la Feria Internacional de Telecomunicaciones y Tecnolog\u00eda Convergente reconocida por reunir a los m\u00e1s imponentes de las telecomunicaciones, los tomadores de decisiones en el gobierno y en las grandes empresas del sector privado; tiene un p\u00fablico objetivo cautivo incluyendo los operadores de telecomunicaciones, tecnolog\u00eda y programaci\u00f3n, proveedores, operadores de cable, canales abiertos y cerrados de TV, canales comunitarios y canales regionales, proveedores de Internet, PBIP &#8211; Aplicaciones, entre otros.<\/p>\n<p>&nbsp;<\/p>\n<p><a href=\"http:\/\/latinexpo.andinalink.com\/es\/\" target=\"_blank\"><span style=\"color: #0000ff;\">Sitio del evento&#8230;<\/span><\/a><\/p>\n","protected":false},"excerpt":{"rendered":"<p>Andina Link es el evento de telecomunicaciones m\u00e1s importante de LATAM, con una trayectoria de m\u00e1s de 24 a\u00f1os. Los d\u00edas 6, 7 y 8 de Marzo del 2018 se llevar\u00e1 a acabo la Feria Internacional de Telecomunicaciones y Tecnolog\u00eda Convergente reconocida por reunir a los m\u00e1s imponentes de las <a href=\"https:\/\/telecomunicaciones.utn.edu.ec\/index.php\/2018\/01\/10\/andina-link-cartagena-2018\/\" class=\"read-more\">Leer M\u00e1s [+] &#8230;<\/a><\/p>\n","protected":false},"author":8,"featured_media":2564,"comment_status":"closed","ping_status":"open","sticky":false,"template":"","format":"image","meta":{"footnotes":""},"categories":[11,12,1],"tags":[],"class_list":["post-2567","post","type-post","status-publish","format-image","has-post-thumbnail","hentry","category-noticias-de-estudiantes-de-la-carrera","category-eventos-de-la-carrera","category-interes-general","post_format-post-format-image"],"_links":{"self":[{"href":"https:\/\/telecomunicaciones.utn.edu.ec\/index.php\/wp-json\/wp\/v2\/posts\/2567","targetHints":{"allow":["GET"]}}],"collection":[{"href":"https:\/\/telecomunicaciones.utn.edu.ec\/index.php\/wp-json\/wp\/v2\/posts"}],"about":[{"href":"https:\/\/telecomunicaciones.utn.edu.ec\/index.php\/wp-json\/wp\/v2\/types\/post"}],"author":[{"embeddable":true,"href":"https:\/\/telecomunicaciones.utn.edu.ec\/index.php\/wp-json\/wp\/v2\/users\/8"}],"replies":[{"embeddable":true,"href":"https:\/\/telecomunicaciones.utn.edu.ec\/index.php\/wp-json\/wp\/v2\/comments?post=2567"}],"version-history":[{"count":1,"href":"https:\/\/telecomunicaciones.utn.edu.ec\/index.php\/wp-json\/wp\/v2\/posts\/2567\/revisions"}],"predecessor-version":[{"id":2568,"href":"https:\/\/telecomunicaciones.utn.edu.ec\/index.php\/wp-json\/wp\/v2\/posts\/2567\/revisions\/2568"}],"wp:featuredmedia":[{"embeddable":true,"href":"https:\/\/telecomunicaciones.utn.edu.ec\/index.php\/wp-json\/wp\/v2\/media\/2564"}],"wp:attachment":[{"href":"https:\/\/telecomunicaciones.utn.edu.ec\/index.php\/wp-json\/wp\/v2\/media?parent=2567"}],"wp:term":[{"taxonomy":"category","embeddable":true,"href":"https:\/\/telecomunicaciones.utn.edu.ec\/index.php\/wp-json\/wp\/v2\/categories?post=2567"},{"taxonomy":"post_tag","embeddable":true,"href":"https:\/\/telecomunicaciones.utn.edu.ec\/index.php\/wp-json\/wp\/v2\/tags?post=2567"}],"curies":[{"name":"wp","href":"https:\/\/api.w.org\/{rel}","templated":true}]}}