{"id":3231,"date":"2019-07-09T11:45:46","date_gmt":"2019-07-09T16:45:46","guid":{"rendered":"https:\/\/www.utn.edu.ec\/fica\/carreras\/electronica\/?p=3231"},"modified":"2019-07-16T14:46:12","modified_gmt":"2019-07-16T19:46:12","slug":"citel-ciercom-presente-en-la-caminata-con-la-u-en-el-corazon","status":"publish","type":"post","link":"https:\/\/telecomunicaciones.utn.edu.ec\/index.php\/2019\/07\/09\/citel-ciercom-presente-en-la-caminata-con-la-u-en-el-corazon\/","title":{"rendered":"CITEL-CIERCOM PRESENTE EN LA CAMINATA \u00abCON LA U EN EL CORAZ\u00d3N\u00bb"},"content":{"rendered":"\n<p class=\"has-text-color has-very-dark-gray-color wp-block-paragraph\"><strong>Lugar<\/strong>: Calles de la ciudad de Ibarra<\/p>\n\n\n\n<p class=\"wp-block-paragraph\"><strong>Fecha<\/strong>: Viernes 05 de julio de 2019<\/p>\n\n\n\n<p class=\"wp-block-paragraph\"><strong>Partida<\/strong>: Campus Universitario, Antiguo Hospital San Vicente de Pa\u00fal<\/p>\n\n\n\n<p class=\"wp-block-paragraph\"><strong>Llegada<\/strong>: Estadio Universitario UTN (Azaya)<\/p>\n\n\n\n<p class=\"wp-block-paragraph\">Al celebrar el 33 Aniversario de Vida Institucional de la Universidad T\u00e9cnica del Norte y como parte del inicio de las festividades julianas, se ha organizado la caminata denominada: <em><strong>\u00abCON LA U EN EL CORAZ\u00d3N\u00bb<\/strong><\/em> evento al que Autoridades, Docentes y estudiantes participaron masivamente.<\/p>\n\n\n\n<p class=\"wp-block-paragraph\">Esta caminata tuvo lugar en las calles de la ciudad y se vivieron momentos de alegr\u00eda, compa\u00f1erismo y felicidad demostrando a la ciudadan\u00eda en general que la gloriosa UTN est\u00e1 presente en el desarrollo de nuestra comunidad.<\/p>\n\n\n\n<figure class=\"wp-block-image\"><img loading=\"lazy\" decoding=\"async\" width=\"1024\" height=\"498\" src=\"https:\/\/www.utn.edu.ec\/fica\/carreras\/electronica\/wp-content\/uploads\/2019\/07\/Docentes1-1024x498.jpeg\" alt=\"\" class=\"wp-image-3233\" srcset=\"https:\/\/telecomunicaciones.utn.edu.ec\/wp-content\/uploads\/2019\/07\/Docentes1-1024x498.jpeg 1024w, https:\/\/telecomunicaciones.utn.edu.ec\/wp-content\/uploads\/2019\/07\/Docentes1-300x146.jpeg 300w, https:\/\/telecomunicaciones.utn.edu.ec\/wp-content\/uploads\/2019\/07\/Docentes1-768x373.jpeg 768w, https:\/\/telecomunicaciones.utn.edu.ec\/wp-content\/uploads\/2019\/07\/Docentes1-360x175.jpeg 360w, https:\/\/telecomunicaciones.utn.edu.ec\/wp-content\/uploads\/2019\/07\/Docentes1.jpeg 1280w\" sizes=\"auto, (max-width: 1024px) 100vw, 1024px\" \/><figcaption>Docentes de la carrera CITEL de izquierda a derecha: Ing. Ana Umaquinga, Ing. Sandra Narv\u00e1ez, Ing. Omar O\u00f1a, Lic. Stefany Flores, Ing. Daniel Jaramillo (Coordinador de Carrera ), Ing. Pamela Godoy, Ing. Alejandra Pinto, Ing. Pablo Checa.<\/figcaption><\/figure>\n\n\n\n<figure class=\"wp-block-image\"><img loading=\"lazy\" decoding=\"async\" width=\"1024\" height=\"768\" src=\"https:\/\/www.utn.edu.ec\/fica\/carreras\/electronica\/wp-content\/uploads\/2019\/07\/IMG_9272-1024x768.jpg\" alt=\"\" class=\"wp-image-3236\" srcset=\"https:\/\/telecomunicaciones.utn.edu.ec\/wp-content\/uploads\/2019\/07\/IMG_9272-1024x768.jpg 1024w, https:\/\/telecomunicaciones.utn.edu.ec\/wp-content\/uploads\/2019\/07\/IMG_9272-300x225.jpg 300w, https:\/\/telecomunicaciones.utn.edu.ec\/wp-content\/uploads\/2019\/07\/IMG_9272-768x576.jpg 768w, https:\/\/telecomunicaciones.utn.edu.ec\/wp-content\/uploads\/2019\/07\/IMG_9272-360x270.jpg 360w\" sizes=\"auto, (max-width: 1024px) 100vw, 1024px\" \/><figcaption>Estudiantes del 4to Semestre CITEL con su Tutor Ing. Luis Su\u00e1rez<\/figcaption><\/figure>\n\n\n\n<figure class=\"wp-block-image\"><img loading=\"lazy\" decoding=\"async\" width=\"1024\" height=\"768\" src=\"https:\/\/www.utn.edu.ec\/fica\/carreras\/electronica\/wp-content\/uploads\/2019\/07\/IMG_9265-1024x768.jpg\" alt=\"\" class=\"wp-image-3235\" srcset=\"https:\/\/telecomunicaciones.utn.edu.ec\/wp-content\/uploads\/2019\/07\/IMG_9265-1024x768.jpg 1024w, https:\/\/telecomunicaciones.utn.edu.ec\/wp-content\/uploads\/2019\/07\/IMG_9265-300x225.jpg 300w, https:\/\/telecomunicaciones.utn.edu.ec\/wp-content\/uploads\/2019\/07\/IMG_9265-768x576.jpg 768w, https:\/\/telecomunicaciones.utn.edu.ec\/wp-content\/uploads\/2019\/07\/IMG_9265-360x270.jpg 360w\" sizes=\"auto, (max-width: 1024px) 100vw, 1024px\" \/><figcaption>Lugar de llegada, Estadio UTN, Campus Textil &#8211; Azaya<\/figcaption><\/figure>\n\n\n\n<figure class=\"wp-block-image\"><img loading=\"lazy\" decoding=\"async\" width=\"1024\" height=\"576\" src=\"https:\/\/www.utn.edu.ec\/fica\/carreras\/electronica\/wp-content\/uploads\/2019\/07\/1er-Sem_UmaquingaAna-1024x576.jpeg\" alt=\"\" class=\"wp-image-3244\" srcset=\"https:\/\/telecomunicaciones.utn.edu.ec\/wp-content\/uploads\/2019\/07\/1er-Sem_UmaquingaAna-1024x576.jpeg 1024w, https:\/\/telecomunicaciones.utn.edu.ec\/wp-content\/uploads\/2019\/07\/1er-Sem_UmaquingaAna-300x169.jpeg 300w, https:\/\/telecomunicaciones.utn.edu.ec\/wp-content\/uploads\/2019\/07\/1er-Sem_UmaquingaAna-768x432.jpeg 768w, https:\/\/telecomunicaciones.utn.edu.ec\/wp-content\/uploads\/2019\/07\/1er-Sem_UmaquingaAna-360x203.jpeg 360w, https:\/\/telecomunicaciones.utn.edu.ec\/wp-content\/uploads\/2019\/07\/1er-Sem_UmaquingaAna.jpeg 1032w\" sizes=\"auto, (max-width: 1024px) 100vw, 1024px\" \/><figcaption>Estudiantes del 1er Semestre CITEL con su Docente Tutora Ing. Ana Umaquinga<\/figcaption><\/figure>\n","protected":false},"excerpt":{"rendered":"<p>Lugar: Calles de la ciudad de Ibarra Fecha: Viernes 05 de julio de 2019 Partida: Campus Universitario, Antiguo Hospital San Vicente de Pa\u00fal Llegada: Estadio Universitario UTN (Azaya) Al celebrar el 33 Aniversario de Vida Institucional de la Universidad T\u00e9cnica del Norte y como parte del inicio de las festividades <a href=\"https:\/\/telecomunicaciones.utn.edu.ec\/index.php\/2019\/07\/09\/citel-ciercom-presente-en-la-caminata-con-la-u-en-el-corazon\/\" class=\"read-more\">Leer M\u00e1s [+] &#8230;<\/a><\/p>\n","protected":false},"author":8,"featured_media":3237,"comment_status":"closed","ping_status":"open","sticky":false,"template":"","format":"standard","meta":{"footnotes":""},"categories":[11,12,1,25],"tags":[],"class_list":["post-3231","post","type-post","status-publish","format-standard","has-post-thumbnail","hentry","category-noticias-de-estudiantes-de-la-carrera","category-eventos-de-la-carrera","category-interes-general","category-noticias"],"_links":{"self":[{"href":"https:\/\/telecomunicaciones.utn.edu.ec\/index.php\/wp-json\/wp\/v2\/posts\/3231","targetHints":{"allow":["GET"]}}],"collection":[{"href":"https:\/\/telecomunicaciones.utn.edu.ec\/index.php\/wp-json\/wp\/v2\/posts"}],"about":[{"href":"https:\/\/telecomunicaciones.utn.edu.ec\/index.php\/wp-json\/wp\/v2\/types\/post"}],"author":[{"embeddable":true,"href":"https:\/\/telecomunicaciones.utn.edu.ec\/index.php\/wp-json\/wp\/v2\/users\/8"}],"replies":[{"embeddable":true,"href":"https:\/\/telecomunicaciones.utn.edu.ec\/index.php\/wp-json\/wp\/v2\/comments?post=3231"}],"version-history":[{"count":7,"href":"https:\/\/telecomunicaciones.utn.edu.ec\/index.php\/wp-json\/wp\/v2\/posts\/3231\/revisions"}],"predecessor-version":[{"id":3247,"href":"https:\/\/telecomunicaciones.utn.edu.ec\/index.php\/wp-json\/wp\/v2\/posts\/3231\/revisions\/3247"}],"wp:featuredmedia":[{"embeddable":true,"href":"https:\/\/telecomunicaciones.utn.edu.ec\/index.php\/wp-json\/wp\/v2\/media\/3237"}],"wp:attachment":[{"href":"https:\/\/telecomunicaciones.utn.edu.ec\/index.php\/wp-json\/wp\/v2\/media?parent=3231"}],"wp:term":[{"taxonomy":"category","embeddable":true,"href":"https:\/\/telecomunicaciones.utn.edu.ec\/index.php\/wp-json\/wp\/v2\/categories?post=3231"},{"taxonomy":"post_tag","embeddable":true,"href":"https:\/\/telecomunicaciones.utn.edu.ec\/index.php\/wp-json\/wp\/v2\/tags?post=3231"}],"curies":[{"name":"wp","href":"https:\/\/api.w.org\/{rel}","templated":true}]}}