{"id":3248,"date":"2019-07-13T15:33:39","date_gmt":"2019-07-13T20:33:39","guid":{"rendered":"https:\/\/www.utn.edu.ec\/fica\/carreras\/electronica\/?p=3248"},"modified":"2019-07-16T15:47:37","modified_gmt":"2019-07-16T20:47:37","slug":"citel-ciercom-presente-en-feria-de-semilleros-utn-2019","status":"publish","type":"post","link":"https:\/\/telecomunicaciones.utn.edu.ec\/index.php\/2019\/07\/13\/citel-ciercom-presente-en-feria-de-semilleros-utn-2019\/","title":{"rendered":"PROYECTOS DE AULA CITEL-CIERCOM SOBRESALEN EN \u00abFERIA DE SEMILLEROS UTN 2019\u00bb"},"content":{"rendered":"\n<p class=\"wp-block-paragraph\" style=\"text-align:left\"><strong>Lugar:<\/strong> Antiguo Cuartel de la Ciudad<\/p>\n\n\n\n<p class=\"wp-block-paragraph\"><strong>Fecha:<\/strong> 11 de julio 2019<\/p>\n\n\n\n<p class=\"has-text-color has-very-dark-gray-color wp-block-paragraph\">Como parte de la Agenda de Fiestas por los 33 a\u00f1os de vida Institucional de la UTN, y organizado por el CUITYCT (Centro Universitario de Investigaci\u00f3n Ciencia y Tecnolog\u00eda), se desarroll\u00f3 con total \u00e9xito la Feria de Semilleros UTN 2019, un espacio en el cual los Estudiantes junto con sus Docentes Tutores exponen ante la comunidad Universitaria y p\u00fablico en general los resultados de los mejores trabajos de Aula desarrollados durante el semestre.<\/p>\n\n\n\n<p class=\"wp-block-paragraph\">17 Proyectos en representaci\u00f3n de las 7 carreras de la Facultad de Ingenier\u00eda en Ciencias Aplicadas, fueron expuestos junto con otros Proyectos de las carreras de la Universidad.<\/p>\n\n\n\n<p class=\"wp-block-paragraph\">En este a\u00f1o 2019, felicitamos a los 2 Semilleros que participaron en representaci\u00f3n de la Carrera CITEL-CIERCOM haciendo quedar muy en alto a la carrera.<\/p>\n\n\n\n<figure class=\"wp-block-image\"><img loading=\"lazy\" decoding=\"async\" width=\"1024\" height=\"768\" src=\"https:\/\/www.utn.edu.ec\/fica\/carreras\/electronica\/wp-content\/uploads\/2019\/07\/Foto9-1-1024x768.jpeg\" alt=\"\" class=\"wp-image-3252\" srcset=\"https:\/\/telecomunicaciones.utn.edu.ec\/wp-content\/uploads\/2019\/07\/Foto9-1-1024x768.jpeg 1024w, https:\/\/telecomunicaciones.utn.edu.ec\/wp-content\/uploads\/2019\/07\/Foto9-1-300x225.jpeg 300w, https:\/\/telecomunicaciones.utn.edu.ec\/wp-content\/uploads\/2019\/07\/Foto9-1-768x576.jpeg 768w, https:\/\/telecomunicaciones.utn.edu.ec\/wp-content\/uploads\/2019\/07\/Foto9-1-360x270.jpeg 360w, https:\/\/telecomunicaciones.utn.edu.ec\/wp-content\/uploads\/2019\/07\/Foto9-1.jpeg 1280w\" sizes=\"auto, (max-width: 1024px) 100vw, 1024px\" \/><figcaption><strong>Semillero:<\/strong> <em>Impresora Braille Basada en Arduin<\/em>o <br><strong>Estudiantes, de izquierda a derecha<\/strong>:   Paul Zurita, Juan Carlos Tapia, Cristian Ruiz <\/figcaption><\/figure>\n\n\n\n<figure class=\"wp-block-image\"><img loading=\"lazy\" decoding=\"async\" width=\"1024\" height=\"768\" src=\"https:\/\/www.utn.edu.ec\/fica\/carreras\/electronica\/wp-content\/uploads\/2019\/07\/Foto10-1024x768.jpeg\" alt=\"\" class=\"wp-image-3253\" srcset=\"https:\/\/telecomunicaciones.utn.edu.ec\/wp-content\/uploads\/2019\/07\/Foto10-1024x768.jpeg 1024w, https:\/\/telecomunicaciones.utn.edu.ec\/wp-content\/uploads\/2019\/07\/Foto10-300x225.jpeg 300w, https:\/\/telecomunicaciones.utn.edu.ec\/wp-content\/uploads\/2019\/07\/Foto10-768x576.jpeg 768w, https:\/\/telecomunicaciones.utn.edu.ec\/wp-content\/uploads\/2019\/07\/Foto10-360x270.jpeg 360w, https:\/\/telecomunicaciones.utn.edu.ec\/wp-content\/uploads\/2019\/07\/Foto10.jpeg 1280w\" sizes=\"auto, (max-width: 1024px) 100vw, 1024px\" \/><figcaption> <strong>Semillero:<\/strong> <em>Impresora Braille Basada en Arduin<\/em>o  <\/figcaption><\/figure>\n\n\n\n<figure class=\"wp-block-image\"><img loading=\"lazy\" decoding=\"async\" width=\"1024\" height=\"768\" src=\"https:\/\/www.utn.edu.ec\/fica\/carreras\/electronica\/wp-content\/uploads\/2019\/07\/Foto11-1024x768.jpeg\" alt=\"\" class=\"wp-image-3251\" srcset=\"https:\/\/telecomunicaciones.utn.edu.ec\/wp-content\/uploads\/2019\/07\/Foto11-1024x768.jpeg 1024w, https:\/\/telecomunicaciones.utn.edu.ec\/wp-content\/uploads\/2019\/07\/Foto11-300x225.jpeg 300w, https:\/\/telecomunicaciones.utn.edu.ec\/wp-content\/uploads\/2019\/07\/Foto11-768x576.jpeg 768w, https:\/\/telecomunicaciones.utn.edu.ec\/wp-content\/uploads\/2019\/07\/Foto11-360x270.jpeg 360w, https:\/\/telecomunicaciones.utn.edu.ec\/wp-content\/uploads\/2019\/07\/Foto11.jpeg 1280w\" sizes=\"auto, (max-width: 1024px) 100vw, 1024px\" \/><figcaption> <br><strong>Semillero:<\/strong> Sistema Did\u00e1ctico de Lectura e Interpretaci\u00f3n Braille <br><strong>Estudiantes, de izquierda a derecha<\/strong>:  Jorge Andr\u00e9s Criollo, Cristian Padilla,  Ronni Andrade  <\/figcaption><\/figure>\n\n\n\n<figure class=\"wp-block-image\"><img loading=\"lazy\" decoding=\"async\" width=\"1024\" height=\"576\" src=\"https:\/\/www.utn.edu.ec\/fica\/carreras\/electronica\/wp-content\/uploads\/2019\/07\/Foto1-1-1024x576.jpeg\" alt=\"\" class=\"wp-image-3254\" srcset=\"https:\/\/telecomunicaciones.utn.edu.ec\/wp-content\/uploads\/2019\/07\/Foto1-1-1024x576.jpeg 1024w, https:\/\/telecomunicaciones.utn.edu.ec\/wp-content\/uploads\/2019\/07\/Foto1-1-300x169.jpeg 300w, https:\/\/telecomunicaciones.utn.edu.ec\/wp-content\/uploads\/2019\/07\/Foto1-1-768x432.jpeg 768w, https:\/\/telecomunicaciones.utn.edu.ec\/wp-content\/uploads\/2019\/07\/Foto1-1-360x203.jpeg 360w, https:\/\/telecomunicaciones.utn.edu.ec\/wp-content\/uploads\/2019\/07\/Foto1-1.jpeg 1280w\" sizes=\"auto, (max-width: 1024px) 100vw, 1024px\" \/><figcaption>Antiguo Cuartel de la Ciudad de Ibarra, sede de los Semilleros UTN 2019<\/figcaption><\/figure>\n","protected":false},"excerpt":{"rendered":"<p>Lugar: Antiguo Cuartel de la Ciudad Fecha: 11 de julio 2019 Como parte de la Agenda de Fiestas por los 33 a\u00f1os de vida Institucional de la UTN, y organizado por el CUITYCT (Centro Universitario de Investigaci\u00f3n Ciencia y Tecnolog\u00eda), se desarroll\u00f3 con total \u00e9xito la Feria de Semilleros UTN <a href=\"https:\/\/telecomunicaciones.utn.edu.ec\/index.php\/2019\/07\/13\/citel-ciercom-presente-en-feria-de-semilleros-utn-2019\/\" class=\"read-more\">Leer M\u00e1s [+] &#8230;<\/a><\/p>\n","protected":false},"author":8,"featured_media":3255,"comment_status":"closed","ping_status":"open","sticky":false,"template":"","format":"image","meta":{"footnotes":""},"categories":[4,11,12,25],"tags":[],"class_list":["post-3248","post","type-post","status-publish","format-image","has-post-thumbnail","hentry","category-actualidad-carrera-de-electronica-y-redes","category-noticias-de-estudiantes-de-la-carrera","category-eventos-de-la-carrera","category-noticias","post_format-post-format-image"],"_links":{"self":[{"href":"https:\/\/telecomunicaciones.utn.edu.ec\/index.php\/wp-json\/wp\/v2\/posts\/3248","targetHints":{"allow":["GET"]}}],"collection":[{"href":"https:\/\/telecomunicaciones.utn.edu.ec\/index.php\/wp-json\/wp\/v2\/posts"}],"about":[{"href":"https:\/\/telecomunicaciones.utn.edu.ec\/index.php\/wp-json\/wp\/v2\/types\/post"}],"author":[{"embeddable":true,"href":"https:\/\/telecomunicaciones.utn.edu.ec\/index.php\/wp-json\/wp\/v2\/users\/8"}],"replies":[{"embeddable":true,"href":"https:\/\/telecomunicaciones.utn.edu.ec\/index.php\/wp-json\/wp\/v2\/comments?post=3248"}],"version-history":[{"count":2,"href":"https:\/\/telecomunicaciones.utn.edu.ec\/index.php\/wp-json\/wp\/v2\/posts\/3248\/revisions"}],"predecessor-version":[{"id":3265,"href":"https:\/\/telecomunicaciones.utn.edu.ec\/index.php\/wp-json\/wp\/v2\/posts\/3248\/revisions\/3265"}],"wp:featuredmedia":[{"embeddable":true,"href":"https:\/\/telecomunicaciones.utn.edu.ec\/index.php\/wp-json\/wp\/v2\/media\/3255"}],"wp:attachment":[{"href":"https:\/\/telecomunicaciones.utn.edu.ec\/index.php\/wp-json\/wp\/v2\/media?parent=3248"}],"wp:term":[{"taxonomy":"category","embeddable":true,"href":"https:\/\/telecomunicaciones.utn.edu.ec\/index.php\/wp-json\/wp\/v2\/categories?post=3248"},{"taxonomy":"post_tag","embeddable":true,"href":"https:\/\/telecomunicaciones.utn.edu.ec\/index.php\/wp-json\/wp\/v2\/tags?post=3248"}],"curies":[{"name":"wp","href":"https:\/\/api.w.org\/{rel}","templated":true}]}}